{"id":97540,"date":"2025-10-19T21:16:21","date_gmt":"2025-10-19T19:16:21","guid":{"rendered":"https:\/\/power-shift.de\/?p=97540"},"modified":"2026-04-10T10:19:06","modified_gmt":"2026-04-10T08:19:06","slug":"a-las-puertas-del-acuerdo-ue-mercosur","status":"publish","type":"post","link":"https:\/\/power-shift.de\/es\/a-las-puertas-del-acuerdo-ue-mercosur\/","title":{"rendered":"A las puertas del acuerdo UE-Mercosur?"},"content":{"rendered":"<div class=\"wpb-content-wrapper\"><div class=\"vc_row wpb_row vc_row-fluid wpex-relative\"><div class=\"wpb_column vc_column_container vc_col-sm-12\"><div class=\"vc_column-inner\"><div class=\"wpb_wrapper\">\n\t<div class=\"wpb_text_column wpb_content_element\" >\n\t\t<div class=\"wpb_wrapper\">\n\t\t\t<h2><strong>UE-Mercosur \u2013 Por qu\u00e9 deber\u00eda impedirse su ratificaci\u00f3n<\/strong><\/h2>\n<p>El 3 de septiembre de 2025, la Comisi\u00f3n Europea present\u00f3 el acuerdo comercial de la UE con Mercosur (Argentina, Brasil, Paraguay y Uruguay) al Consejo de la UE para su ratificaci\u00f3n. Sin embargo, en su forma actual, el acuerdo conlleva a\u00fan m\u00e1s riesgos para el medio ambiente y los derechos humanos en comparaci\u00f3n con los borradores anteriores, que ya eran muy problem\u00e1ticos.<\/p>\n<p>Por ejemplo, un mecanismo de reequilibrio recientemente introducido permite reclamar indemnizaciones contra nuevas leyes, como el reglamento de la UE contra la deforestaci\u00f3n, incluso si no violan el acuerdo comercial. Junto con otros contratiempos, este mecanismo amenaza con socavar gravemente la aplicaci\u00f3n de las est\u00e1ndares ambientales y sociales.<\/p>\n<p>El nuevo estudio, publicado conjuntamente por PowerShift, <a href=\"https:\/\/www.misereor.de\">Misereor<\/a> y <a href=\"https:\/\/www.brot-fuer-die-welt.de\">Pan para el Mundo<\/a>, examina el impacto del acuerdo comercial sobre el cambio clim\u00e1tico, los derechos humanos y el desarrollo econ\u00f3mico de los pa\u00edses del Mercosur. Debido a las graves consecuencias de la eliminaci\u00f3n acordada de los aranceles y otras regulaciones, asesorando contra la ratificaci\u00f3n de este acuerdo obsoleto.<\/p>\n\n\t\t<\/div>\n\t<\/div>\n<\/div><\/div><\/div><\/div>\n<\/div>","protected":false},"excerpt":{"rendered":"UE-Mercosur - Por qu\u00e9 deber\u00eda impedirse su ratificaci\u00f3n El 3 de septiembre de 2025, la Comisi\u00f3n Europea present\u00f3 el acuerdo comercial de la UE con Mercosur (Argentina, Brasil, Paraguay y Uruguay) al Consejo de la UE para su ratificaci\u00f3n. Sin embargo, en su forma actual, el acuerdo conlleva a\u00fan m\u00e1s riesgos para el medio ambiente&hellip;","protected":false},"author":31,"featured_media":94199,"comment_status":"closed","ping_status":"closed","sticky":false,"template":"","format":"standard","meta":{"_acf_changed":false,"footnotes":""},"categories":[19],"tags":[9,211,77,218,69,10,64,226,65,139],"post_series":[],"thema":[15],"coauthors":[58],"class_list":["post-97540","post","type-post","status-publish","format-standard","has-post-thumbnail","hentry","category-studie","tag-eu","tag-eu-mercosur","tag-free-trade-agreements","tag-freihandel","tag-freihandelsabkommen","tag-handelsabkommen","tag-handelspolitik-de","tag-lateinamerika","tag-menschenrechte","tag-umwelt","thema-handelspolitik","entry","has-media"],"acf":[],"_links":{"self":[{"href":"https:\/\/power-shift.de\/es\/wp-json\/wp\/v2\/posts\/97540","targetHints":{"allow":["GET"]}}],"collection":[{"href":"https:\/\/power-shift.de\/es\/wp-json\/wp\/v2\/posts"}],"about":[{"href":"https:\/\/power-shift.de\/es\/wp-json\/wp\/v2\/types\/post"}],"author":[{"embeddable":true,"href":"https:\/\/power-shift.de\/es\/wp-json\/wp\/v2\/users\/31"}],"replies":[{"embeddable":true,"href":"https:\/\/power-shift.de\/es\/wp-json\/wp\/v2\/comments?post=97540"}],"version-history":[{"count":9,"href":"https:\/\/power-shift.de\/es\/wp-json\/wp\/v2\/posts\/97540\/revisions"}],"predecessor-version":[{"id":99046,"href":"https:\/\/power-shift.de\/es\/wp-json\/wp\/v2\/posts\/97540\/revisions\/99046"}],"wp:featuredmedia":[{"embeddable":true,"href":"https:\/\/power-shift.de\/es\/wp-json\/wp\/v2\/media\/94199"}],"wp:attachment":[{"href":"https:\/\/power-shift.de\/es\/wp-json\/wp\/v2\/media?parent=97540"}],"wp:term":[{"taxonomy":"category","embeddable":true,"href":"https:\/\/power-shift.de\/es\/wp-json\/wp\/v2\/categories?post=97540"},{"taxonomy":"post_tag","embeddable":true,"href":"https:\/\/power-shift.de\/es\/wp-json\/wp\/v2\/tags?post=97540"},{"taxonomy":"post_series","embeddable":true,"href":"https:\/\/power-shift.de\/es\/wp-json\/wp\/v2\/post_series?post=97540"},{"taxonomy":"thema","embeddable":true,"href":"https:\/\/power-shift.de\/es\/wp-json\/wp\/v2\/thema?post=97540"},{"taxonomy":"author","embeddable":true,"href":"https:\/\/power-shift.de\/es\/wp-json\/wp\/v2\/coauthors?post=97540"}],"curies":[{"name":"wp","href":"https:\/\/api.w.org\/{rel}","templated":true}]}}