{"id":21346,"date":"2020-01-06T10:51:32","date_gmt":"2020-01-06T09:51:32","guid":{"rendered":"https:\/\/power-shift.de\/?p=21346"},"modified":"2025-09-12T15:05:49","modified_gmt":"2025-09-12T13:05:49","slug":"supply-chain-due-diligence-chinas-role-in-the-international-debate-and-setting-of-standards","status":"publish","type":"post","link":"https:\/\/power-shift.de\/es\/supply-chain-due-diligence-chinas-role-in-the-international-debate-and-setting-of-standards\/","title":{"rendered":"Diligencia debida en la cadena de suministro: El papel de China en el debate internacional y el establecimiento de normas"},"content":{"rendered":"<p>El debate sobre la diligencia debida obligatoria en la cadena de suministro de derechos humanos est\u00e1 cobrando impulso. Las regulaciones legales se discuten ampliamente tanto a nivel internacional como en Alemania. En este debate, un pa\u00eds en particular est\u00e1 recibiendo atenci\u00f3n: China. Seg\u00fan algunas asociaciones industriales y pol\u00edticos simpatizantes, si Alemania o la UE introdujeran una ley obligatoria de diligencia debida en la cadena de suministro, se perder\u00eda la igualdad de condiciones. Las empresas chinas se situar\u00edan en una posici\u00f3n a\u00fan m\u00e1s competitiva. Los conceptos de diligencia debida en la cadena de suministro y responsabilidad social de las empresas tambi\u00e9n se est\u00e1n debatiendo en la Rep\u00fablica Popular. Con un enfoque especial en el sector minero, esta hoja informativa presenta algunas de las piedras angulares de estos debates y propuestas para una pol\u00edtica de cooperaci\u00f3n proactiva.<\/p>","protected":false},"excerpt":{"rendered":"<p>El debate sobre la diligencia debida obligatoria en la cadena de suministro de derechos humanos est\u00e1 cobrando impulso. Las regulaciones legales se discuten ampliamente tanto a nivel internacional como en Alemania. En este debate, un pa\u00eds en particular est\u00e1 recibiendo atenci\u00f3n: China. Seg\u00fan algunas asociaciones industriales y pol\u00edticos simpatizantes, si Alemania o la UE introdujeran...<\/p>","protected":false},"author":23,"featured_media":21341,"comment_status":"closed","ping_status":"closed","sticky":false,"template":"","format":"standard","meta":{"_acf_changed":false,"footnotes":""},"categories":[67],"tags":[68,158,159,65],"post_series":[],"thema":[],"coauthors":[82,59],"class_list":["post-21346","post","type-post","status-publish","format-standard","has-post-thumbnail","hentry","category-publication","tag-bergbau","tag-china","tag-lieferketten","tag-menschenrechte","entry","has-media"],"acf":[],"_links":{"self":[{"href":"https:\/\/power-shift.de\/es\/wp-json\/wp\/v2\/posts\/21346","targetHints":{"allow":["GET"]}}],"collection":[{"href":"https:\/\/power-shift.de\/es\/wp-json\/wp\/v2\/posts"}],"about":[{"href":"https:\/\/power-shift.de\/es\/wp-json\/wp\/v2\/types\/post"}],"author":[{"embeddable":true,"href":"https:\/\/power-shift.de\/es\/wp-json\/wp\/v2\/users\/23"}],"replies":[{"embeddable":true,"href":"https:\/\/power-shift.de\/es\/wp-json\/wp\/v2\/comments?post=21346"}],"version-history":[{"count":2,"href":"https:\/\/power-shift.de\/es\/wp-json\/wp\/v2\/posts\/21346\/revisions"}],"predecessor-version":[{"id":96948,"href":"https:\/\/power-shift.de\/es\/wp-json\/wp\/v2\/posts\/21346\/revisions\/96948"}],"wp:featuredmedia":[{"embeddable":true,"href":"https:\/\/power-shift.de\/es\/wp-json\/wp\/v2\/media\/21341"}],"wp:attachment":[{"href":"https:\/\/power-shift.de\/es\/wp-json\/wp\/v2\/media?parent=21346"}],"wp:term":[{"taxonomy":"category","embeddable":true,"href":"https:\/\/power-shift.de\/es\/wp-json\/wp\/v2\/categories?post=21346"},{"taxonomy":"post_tag","embeddable":true,"href":"https:\/\/power-shift.de\/es\/wp-json\/wp\/v2\/tags?post=21346"},{"taxonomy":"post_series","embeddable":true,"href":"https:\/\/power-shift.de\/es\/wp-json\/wp\/v2\/post_series?post=21346"},{"taxonomy":"thema","embeddable":true,"href":"https:\/\/power-shift.de\/es\/wp-json\/wp\/v2\/thema?post=21346"},{"taxonomy":"author","embeddable":true,"href":"https:\/\/power-shift.de\/es\/wp-json\/wp\/v2\/coauthors?post=21346"}],"curies":[{"name":"wp","href":"https:\/\/api.w.org\/{rel}","templated":true}]}}